{"id":210259,"date":"2025-04-29T11:56:07","date_gmt":"2025-04-29T09:56:07","guid":{"rendered":"https:\/\/iffr.com\/en\/?p=210259"},"modified":"2025-05-16T16:17:51","modified_gmt":"2025-05-16T14:17:51","slug":"blog-cannes-selections-for-iffr-backed-films-and-talent","status":"publish","type":"post","link":"https:\/\/iffr.com\/en\/blog-cannes-selections-for-iffr-backed-films-and-talent","title":{"rendered":"Cannes selections for IFFR-backed films and talent"},"content":{"rendered":"\n<p class=\"has-intro-font-size\">A spread of films and talent presented at CineMart and backed by the Hubert Bals Fund are once again a fixture of the Cannes lineup in 2025, telling profound family histories, stories of migrant resilience, Italian cowboys, the ruthless world of J-Pop \u2013 and a possessed vacuum cleaner.<\/p>\n\n\n<figure style=\"aspect-ratio:16\/9;\" class=\"wp-block-post-featured-image\"><img loading=\"lazy\" decoding=\"async\" width=\"1920\" height=\"1080\" src=\"https:\/\/iffr.com\/en\/wp-content\/uploads\/sites\/2\/2025\/04\/IFFR-Cannes-2025.png?image-crop-positioner-ts=1745919390\" class=\"attachment-post-thumbnail size-post-thumbnail wp-post-image\" alt=\"Collage of IFFR at Cannes film stills\" style=\"width:100%;height:100%;object-fit:cover;\" srcset=\"https:\/\/iffr.com\/en\/wp-content\/uploads\/sites\/2\/2025\/04\/IFFR-Cannes-2025.png?image-crop-positioner-ts=1745919390 1920w, https:\/\/iffr.com\/en\/wp-content\/uploads\/sites\/2\/2025\/04\/IFFR-Cannes-2025-288x162.png?image-crop-positioner-ts=1745919390 288w, https:\/\/iffr.com\/en\/wp-content\/uploads\/sites\/2\/2025\/04\/IFFR-Cannes-2025-432x243.png?image-crop-positioner-ts=1745919390 432w, https:\/\/iffr.com\/en\/wp-content\/uploads\/sites\/2\/2025\/04\/IFFR-Cannes-2025-832x468.png?image-crop-positioner-ts=1745919390 832w, https:\/\/iffr.com\/en\/wp-content\/uploads\/sites\/2\/2025\/04\/IFFR-Cannes-2025-1296x729.png?image-crop-positioner-ts=1745919390 1296w\" sizes=\"auto, (max-width: 1920px) 100vw, 1920px\" \/><\/figure>\n\n\n<p>Alumni of our talent development programmes including Rotterdam Lab are also to be found throughout the selections, working alongside some of the world\u2019s most distinguished filmmakers like those in the official competition, including Kleber Mendon\u00e7a Filho, Julia Ducournau, Joachim Trier and Kelly Reichardt.<\/p>\n\n\n\n<p><strong>Lacuna<\/strong> by Dutch makers Maartje Wegdam and Nienke Huitenga Broeren has its international premiere in the Cannes Immersive Competition, following its world premiere at IFFR 2025. <\/p>\n\n\n\n<h2 class=\"wp-block-heading\">HBF+Europe support<\/h2>\n\n\n\n<p>Two films, <strong>Promised Sky<\/strong> by Erige Sehiri and <strong>A Useful Ghost<\/strong> by Ratchapoom Boonbunchachoke, were financially backed with \u20ac60,000 each through <a href=\"Minority Co-production Support\">HBF+Europe: Minority Co-production Support<\/a>. Through the scheme, the Hubert Bals Fund uses support from the Creative Europe \u2013 MEDIA programme of the European Union to encourage European producers to participate as a co-producer in film projects by filmmakers from HBF-supported territories.&nbsp;<\/p>\n\n\n\n<h2 class=\"wp-block-heading\">Supported films in the Cannes selections<\/h2>\n\n\n\n<figure class=\"wp-block-image size-full\"><img loading=\"lazy\" decoding=\"async\" width=\"2048\" height=\"1366\" src=\"https:\/\/iffr.com\/en\/wp-content\/uploads\/sites\/2\/2025\/04\/Romaria.webp\" alt=\"\" class=\"wp-image-210263\" \/><\/figure>\n\n\n\n<h2 class=\"wp-block-heading\"><strong>Romer\u00eda<\/strong> by Carla Sim\u00f3n (CineMart 2021) \u2013 Competition<\/h2>\n\n\n\n<p>Catalan filmmaker Carla Sim\u00f3n brings her family trilogy to a close with <strong>Romer\u00eda<\/strong>, following on from her Berlinale Golden Bear-winning <strong>Alcarr\u00e0s<\/strong> (2022) and award winning debut <strong>Summer 1993 <\/strong>(2019).<strong> <\/strong>She once again draws on vivid personal memories to tell a moving story of love, yearning and family anguish, this time through an adolescent lens as the 18 year old orphan Marina travels to meet her parental grandparents in Vigo on Spain\u2019s Galician coast.&nbsp;&nbsp;<\/p>\n\n\n\n<p>The project was presented at IFFR\u2019s co-production market CineMart in 2021, and was shot by the 2023 recipient of IFFR\u2019s Robby M\u00fcller Award, cinematographer H\u00e9l\u00e8ne Louvart.<\/p>\n\n\n\n<figure class=\"wp-block-image size-full\"><img loading=\"lazy\" decoding=\"async\" width=\"2048\" height=\"1228\" src=\"https:\/\/iffr.com\/en\/wp-content\/uploads\/sites\/2\/2025\/04\/Promised-Sky.png\" alt=\"\" class=\"wp-image-210265\" \/><\/figure>\n\n\n\n<h2 class=\"wp-block-heading\"><strong>Promised Sky<\/strong> by Erige Sehiri (HBF+Europe 2024) \u2013 Un Certain Regard<\/h2>\n\n\n\n<p>French-Tunisian filmmaker Erige Sehiri tells a story of sub-Saharan migration to Tunisia in her second feature, <strong>Promised Sky<\/strong>. The story focuses on Marie, an Ivorian pastor in Tunisia, whose home becomes a refuge for Naney, a young mother seeking a better future, and Jolie, a strong-willed student, before an orphan girl arrives and tests their solidarity.<\/p>\n\n\n\n<p>Working on the margins of fiction and documentary, the film follows on from her intimate portrait of youth, labour and fleeting moments of connection <strong>Under the Fig Trees<\/strong>, which premiered in Quinzaine des cin\u00e9astes in 2022.&nbsp;<\/p>\n\n\n\n<p>The project was supported by the HBF+Europe: Minority Co-production Support scheme in 2024, where it received \u20ac60,000 of production financing.&nbsp;<\/p>\n\n\n\n<figure class=\"wp-block-image size-full\"><img loading=\"lazy\" decoding=\"async\" width=\"2560\" height=\"1384\" src=\"https:\/\/iffr.com\/en\/wp-content\/uploads\/sites\/2\/2025\/04\/Testa-o-croce-scaled.jpg\" alt=\"\" class=\"wp-image-210264\" \/><\/figure>\n\n\n\n<h2 class=\"wp-block-heading\"><strong>Testa o croce?<\/strong> by Alessio Rigo de Righi &amp; Matteo Zoppis (CineMart 2023) \u2013 Un Certain Regard<\/h2>\n\n\n\n<p>Italian-American filmmaker duo Alessio Rigo de Righi and Matteo Zoppis continue their investigation into the legends and myths of Italian folklore with the surrealist Italy-set Western <strong>Testa o croce? (Heads or Tails?)<\/strong>.&nbsp;<\/p>\n\n\n\n<p>The name derives from a bet between Buffalo Bill\u2019s American cowboys (who visited Italy with his Wild West Show in 1890) and Italian cowboys over which team was better at taming wild horses. The film follows two young lovers on the run, played by rising French star Nadia Tereszkiewicz (<strong>Red Island<\/strong>, <strong>The Crime is Mine<\/strong>) and Italy\u2019s Alessandro Borghi (<strong>The Eight Mountains<\/strong>, <strong>Supersex<\/strong>), joined on the cast by John C. Reilly as Buffalo Bill.<\/p>\n\n\n\n<p>The filmmakers, who earlier screened their documentary<strong> Il Solengo<\/strong> in Bright Future at IFFR 2015, presented the project at CineMart at IFFR 2023, where it took home the Eurimages Co-production Development Award worth \u20ac20,000.&nbsp;<\/p>\n\n\n\n<figure class=\"wp-block-image size-full\"><img loading=\"lazy\" decoding=\"async\" width=\"2560\" height=\"1707\" src=\"https:\/\/iffr.com\/en\/wp-content\/uploads\/sites\/2\/2025\/04\/LOVE-ON-TRIAL-c-2025-LOVE-ON-TRIAL-Film-Partners-1-scaled.webp\" alt=\"\" class=\"wp-image-210262\" \/><\/figure>\n\n\n\n<h2 class=\"wp-block-heading\"><strong>Love on Trial<\/strong> by Koji Fukada (CineMart 2022) \u2013 Cannes Premiere<\/h2>\n\n\n\n<p>Renowned Japanese filmmaker Koji Fukada has made a number of highly acclaimed features across the last fifteen years dealing with \u201cdomestic disequilibrium\u201d, from <strong>Harmonium<\/strong> (2016) which won the Un Certain Regard Jury Prize at Cannes 2016; <strong>A Girl Missing<\/strong> (2019) in competition at Locarno, <strong>The Real Thing<\/strong> (2020) at Cannes and <strong>Love Life<\/strong> (2022), in competition at Venice.&nbsp;<\/p>\n\n\n\n<p>Inspired by real cases in Japan, his latest, <strong>Love on Trial<\/strong>, follows Mai, a rising J-Pop idol whose big break is threatened when she falls in love, violating the \u201cno love\u201d clause in her contract. The project was presented at CineMart in 2022, where it picked up the IFFR Young Selectors Award.&nbsp;<\/p>\n\n\n\n<figure class=\"wp-block-image size-full\"><img loading=\"lazy\" decoding=\"async\" width=\"2560\" height=\"1707\" src=\"https:\/\/iffr.com\/en\/wp-content\/uploads\/sites\/2\/2025\/04\/UG_VARIETY-scaled.webp\" alt=\"\" class=\"wp-image-210261\" \/><\/figure>\n\n\n\n<h2 class=\"wp-block-heading\"><strong>A Useful Ghost<\/strong> by Ratchapoom Boonbunchachoke (HBF+Europe 2023) \u2013 Semaine de la Critique<\/h2>\n\n\n\n<p>March is mourning his wife Nat who has recently passed away due to dust pollution. He discovers her spirit has returned by possessing the vacuum cleaner. So begins the premise of Thai filmmaker Ratchapoom Boonbunchachoke\u2019s unique, playful, genre-mixing debut <strong>A Useful Ghost<\/strong>. Boonbunchachoke\u2019s short <strong>Red Aninsri; Or, Tiptoeing on the Still Trembling Berlin Wall<\/strong> won the Junior Jury award at Locarno 2020.<\/p>\n\n\n\n<p>The project was supported by the HBF+Europe: Minority Co-production Support scheme in 2023, where it received \u20ac60,000 of production financing.&nbsp;<\/p>\n\n\n\n<h2 class=\"wp-block-heading\">Immersive Selection<\/h2>\n\n\n\n<p>The immersive media project <strong>Lacuna<\/strong> by Dutch makers Maartje Wegdam and Nienke Huitenga Broeren, produced by IFFR-regular Corine Meijers (Studio Biarritz) and Ilja Kok, has its international premiere in the Cannes Immersive Competition, following its world premiere at IFFR 2025. Based on fragments of memories and handed down stories, the project reconstructs 84 year-old Sonja\u2019s early childhood growing up with her aunt and uncle in Paramaribo, Suriname, during WWII.<\/p>\n\n\n\n<figure class=\"wp-block-image size-full is-resized\"><img loading=\"lazy\" decoding=\"async\" width=\"2048\" height=\"1152\" src=\"https:\/\/iffr.com\/en\/wp-content\/uploads\/sites\/2\/2025\/04\/MAIN_Lacuna_Film_Still_1.jpg?image-crop-positioner-ts=1746090437\" alt=\"\" class=\"wp-image-210288\" style=\"width:768px;height:auto\" srcset=\"https:\/\/iffr.com\/en\/wp-content\/uploads\/sites\/2\/2025\/04\/MAIN_Lacuna_Film_Still_1.jpg?image-crop-positioner-ts=1746090437 2048w, https:\/\/iffr.com\/en\/wp-content\/uploads\/sites\/2\/2025\/04\/MAIN_Lacuna_Film_Still_1-288x162.jpg?image-crop-positioner-ts=1746090437 288w, https:\/\/iffr.com\/en\/wp-content\/uploads\/sites\/2\/2025\/04\/MAIN_Lacuna_Film_Still_1-432x243.jpg?image-crop-positioner-ts=1746090437 432w, https:\/\/iffr.com\/en\/wp-content\/uploads\/sites\/2\/2025\/04\/MAIN_Lacuna_Film_Still_1-832x468.jpg?image-crop-positioner-ts=1746090437 832w, https:\/\/iffr.com\/en\/wp-content\/uploads\/sites\/2\/2025\/04\/MAIN_Lacuna_Film_Still_1-1296x729.jpg?image-crop-positioner-ts=1746090437 1296w\" sizes=\"auto, (max-width: 2048px) 100vw, 2048px\" \/><figcaption class=\"wp-element-caption\">Immersive still: <strong>Lacuna<\/strong><\/figcaption><\/figure>\n\n\n\n<p>Another of Meijers&#8217;s co-produced projects, <strong>Floating with Spirits<\/strong> by Juanita Onzaga, is part of a focus programme on Luxembourg creations after its presentation at IFFR&#8217;s Darkroom work-in-progress platform, and world premiere at Venice Immersive 2023. <\/p>\n\n\n\n<h2 class=\"wp-block-heading\">Hubert Bals Fund alumni in the selections<\/h2>\n\n\n\n<p>As well as projects directly supported by IFFR, a range of filmmakers previously supported by the Hubert Bals Fund can be seen across the selections as their careers advance.&nbsp;<\/p>\n\n\n\n<p>A number present their latest projects to industry in La Fabrique Cin\u00e9ma, organised by the Institut Fran\u00e7ais. Brazilian filmmaker La\u00eds Santos Ara\u00fajo (<strong>Marina<\/strong>, HBF 2019 &amp; CineMart 2021), whose first fiction short, <strong>Como ficamos da mesma altura<\/strong> premiered at IFFR 2020, presents her project <strong>Infantry<\/strong>.&nbsp;<\/p>\n\n\n\n<p>Cape Verdean filmmaker Nuno Boaventura Miranda (<strong>Km\u00eadeus<\/strong>, HBF 2019), whose most recent short <strong>The Last Harvest<\/strong> had its world premiere at IFFR 2025, presents <strong>The Flowers of the Dead<\/strong>. Nicaraguan filmmaker Laura Baumeister will present <strong>What Follows Is My Death<\/strong>, after her feature debut<strong> La hija de todas las rabias<\/strong> screened in Toronto and San Sebasti\u00e1n and her short <strong>Ombligo de agua<\/strong> had its world premiere at IFFR 2019.&nbsp;<\/p>\n\n\n\n<p>Payal Kapadia, whose HBF and CineMart-backed <strong>All We Imagine as Light<\/strong> was an IFFR-supported sensation at last year&#8217;s Cannes, sits on the competition jury this edition, alongside the Mexican filmmaker and fellow IFFR regular Carlos Reygadas (<strong>Jap\u00f3n<\/strong>, HBF 2001, IFFR 2002; <strong>Batalla en el cielo<\/strong>, HBF 2005, IFFR 2006; <strong>Post tenebras lux<\/strong>, CineMart 2011, IFFR 2013). <\/p>\n\n\n\n<p>Brazilian filmmaker Leonardo Martinelli presents the short <strong>Samba infinito<\/strong> in the Semaine de la Critique, on a street cleaner finding a lost child in Rio\u2019s Carnival, featuring an appearance from musician Gilberto Gil. He was supported for his upcoming debut feature <strong>Fantasma neon<\/strong> by the HBF in 2023.<\/p>\n\n\n\n<p>Fellow Brazilian and renowned filmmaker Kleber Mendon\u00e7a Filho (<strong>Neighbouring Sounds<\/strong>, HBF 2008, 2011, IFFR 2012) caps off the Hubert Bals Fund alumni at Cannes with his new feature <strong>O agente secreto <\/strong>in the official competition, a gripping 70s-set political thriller.&nbsp;&nbsp;<\/p>\n\n\n\n<figure class=\"wp-block-image size-full\"><img loading=\"lazy\" decoding=\"async\" width=\"1600\" height=\"900\" src=\"https:\/\/iffr.com\/en\/wp-content\/uploads\/sites\/2\/2025\/04\/O-Agente-Secreto-filme-brasileiro-com-Wagner-Moura-competira-pela-Palma-de-Ouro-em-Cannes.webp\" alt=\"\" class=\"wp-image-210266\" srcset=\"https:\/\/iffr.com\/en\/wp-content\/uploads\/sites\/2\/2025\/04\/O-Agente-Secreto-filme-brasileiro-com-Wagner-Moura-competira-pela-Palma-de-Ouro-em-Cannes.webp?image-crop-positioner-ts=1745920034 1600w, https:\/\/iffr.com\/en\/wp-content\/uploads\/sites\/2\/2025\/04\/O-Agente-Secreto-filme-brasileiro-com-Wagner-Moura-competira-pela-Palma-de-Ouro-em-Cannes-288x162.webp?image-crop-positioner-ts=1745920034 288w, https:\/\/iffr.com\/en\/wp-content\/uploads\/sites\/2\/2025\/04\/O-Agente-Secreto-filme-brasileiro-com-Wagner-Moura-competira-pela-Palma-de-Ouro-em-Cannes-432x243.webp?image-crop-positioner-ts=1745920034 432w, https:\/\/iffr.com\/en\/wp-content\/uploads\/sites\/2\/2025\/04\/O-Agente-Secreto-filme-brasileiro-com-Wagner-Moura-competira-pela-Palma-de-Ouro-em-Cannes-832x468.webp?image-crop-positioner-ts=1745920034 832w, https:\/\/iffr.com\/en\/wp-content\/uploads\/sites\/2\/2025\/04\/O-Agente-Secreto-filme-brasileiro-com-Wagner-Moura-competira-pela-Palma-de-Ouro-em-Cannes-1296x729.webp?image-crop-positioner-ts=1745920034 1296w\" sizes=\"auto, (max-width: 1600px) 100vw, 1600px\" \/><figcaption class=\"wp-element-caption\">Film still: <strong>O agente secreto<\/strong> by Kleber Mendon\u00e7a Filho<\/figcaption><\/figure>\n\n\n\n<h2 class=\"wp-block-heading\">Rotterdam Lab alumni in the selections<\/h2>\n\n\n\n<p>Filho\u2019s competition title <strong>O agente Secreto<\/strong> is a Netherlands co-production with Erik Glijnijs of Lemming Film, a producer very familiar to IFFR for his presence in the festival selection (<strong>Melk<\/strong> by Stefanie Kolk, IFFR 2024; <strong>Met mes<\/strong> by Sam de Jong, IFFR 2022) and at CineMart (<strong>The Wolf, The Fox &amp; The Leopard<\/strong> by David Verbeek, CineMart 2020).&nbsp;<\/p>\n\n\n\n<p>Another Dutch talent with a strong IFFR connection we\u2019re delighted to highlight is Marleen Slot of Viking Film (<strong>Dirty God <\/strong>by Sacha Polak, IFFR 2019; HBF-supported Neon Bull and <strong>O \u00faltimo azul <\/strong>by Gabriel Mascaro), producer of Sven Bresser\u2019s Dutch title <strong>Rietland <\/strong>that screens in the Semaine de la Critique.&nbsp;<\/p>\n\n\n\n<p>They\u2019re both alumni of our Rotterdam Lab, a launchpad for emerging producers at the start of their careers. Cannes 2025 sees Rotterdam Lab graduates working alongside some of the world\u2019s most distinguished filmmakers like Julia Ducournau, Joachim Trier and Kelly Reichardt in the official competition, filmmakers who have all shown their work at IFFR . See the full list of Rotterdam Lab alumni at Cannes below.&nbsp;<\/p>\n\n\n\n<h3 class=\"wp-block-heading\"><strong>Competition<\/strong><\/h3>\n\n\n\n<ul class=\"wp-block-list\">\n<li><strong>Alpha<\/strong> by Julia Ducournau, co-produced by Jean-Yves Roubin, Rotterdam Lab 2009<br><\/li>\n\n\n\n<li><strong>Renoir<\/strong> by Chie Hayakawa, co-produced by Fran Borgia, Rotterdam Lab 2010<br><\/li>\n\n\n\n<li><strong>Sentimental Value<\/strong> by Joachim Trier, produced by Andrea Berentsen Ottmar, Rotterdam Lab 2021<br><\/li>\n\n\n\n<li><strong>The History of Sound<\/strong> by Oliver Hermanus, co-produced by Lara Costa Calzado, Rotterdam Lab 2021<br><\/li>\n\n\n\n<li><strong>The Mastermind<\/strong> by Kelly Reichardt, produced by Anish Savjani, Rotterdam Lab 2008<br><\/li>\n\n\n\n<li><strong>O agente secreto (The Secret Agent)<\/strong> by Kleber Mendon\u00e7a Filho, co-produced by Erik Glijnijs, Rotterdam Lab 2017<\/li>\n<\/ul>\n\n\n\n<h3 class=\"wp-block-heading\"><strong>Un Certain Regard<\/strong><\/h3>\n\n\n\n<ul class=\"wp-block-list\">\n<li><strong>La misteriosa mirada del flamenco<\/strong> by<em> <\/em>Diego C\u00e9spedes, co-produced by Jonas Weydemann Rotterdam Lab 2013<br><\/li>\n\n\n\n<li><strong>My Father\u2019s Shadow<\/strong> by Akinola Davies, produced by Rachel Dargavel, Rotterdam Lab 2010<br><\/li>\n\n\n\n<li><strong>O Riso e a faca<\/strong> by Pedro Pinho, produced by Tatiana Leite, Rotterdam Lab 2015<\/li>\n<\/ul>\n\n\n\n<h3 class=\"wp-block-heading\"><strong>Semaine de la Critique<\/strong><\/h3>\n\n\n\n<ul class=\"wp-block-list\">\n<li><strong>Aisha Can\u2019t Fly Away<\/strong>, produced by Sawsan Yusuf, Rotterdam Lab 2022<br><\/li>\n\n\n\n<li><strong>Rietland<\/strong> by Sven Bresser, produced by Marleen Slot, Rotterdam Lab 2008<\/li>\n<\/ul>\n\n\n\n<h3 class=\"wp-block-heading\"><strong>Quinzaine des cin\u00e9astes<\/strong><\/h3>\n\n\n\n<ul class=\"wp-block-list\">\n<li><strong>Sorry, Baby<\/strong> by Eva Victor, produced by Adele Romanski, Rotterdam Lab 2012<\/li>\n\n\n\n<li><strong>L\u2019engloutie (The Girl in the Snow)<\/strong> by Louise H\u00e9mon, produced by Margaux Juvenal, Rotterdam Lab 2021<\/li>\n<\/ul>\n\n\n\n<h2 class=\"wp-block-heading\">Supported by<\/h2>\n\n\n\n<figure class=\"wp-block-image size-full\"><img loading=\"lazy\" decoding=\"async\" width=\"400\" height=\"134\" src=\"https:\/\/iffr.com\/en\/wp-content\/uploads\/sites\/2\/2024\/05\/EU-flag-Crea-EU-MEDIA-8.png\" alt=\"\" class=\"wp-image-119656\" \/><\/figure>\n\n\n\n\t<div data-name=\"acf\/block-posts\" class=\"alignwide\" >\n\t\t\t\t\t<h2 class=\"sr-only\">A list with articles<\/h2>\n\t\t\n\t\t<div class=\"flex flex-col gap-4\">\n\n\t\t\t\n\t\t\t<ul class=\"grid items-stretch grid-cols-1 gap-4 lg:gap-8 lg:grid-cols-3 lg:text-zoom-lg:grid-cols-2\">\n\t\t\t\t\t\t\t\t\n\t\t\t\t\n\t\t\t\t\n\t\t\t\t\t\t\t\t\t\t\n\t\t\t\t\t<li>\n\t\t\t\t\t\t<div data-component=\"teaser-post\" class=\"@container h-full group\">\n\t<div class=\"relative flex flex-col h-full rounded-lg bg-base-300 @md:flex-row\">\n\t\t\t\t\t<div class=\"relative overflow-hidden image:w-full image:object-cover image:aspect-video image:rounded-t-lg @md:image:rounded-b-lg @md:basis-1\/3 @md:pl-8 @md:py-8 @lg:basis-1\/2\">\n\t\t\t\t<img loading=\"lazy\" decoding=\"async\" width=\"832\" height=\"468\" src=\"https:\/\/iffr.com\/en\/wp-content\/uploads\/sites\/2\/2026\/04\/Progetto-senza-titolo-832x468.jpg?image-crop-positioner-ts=1777020633\" class=\"attachment-video_md size-video_md\" alt=\"\" sizes=\"auto, (max-width: 693px) 100vw, (max-width: 1400px) 33vw, 408px\" srcset=\"https:\/\/iffr.com\/en\/wp-content\/uploads\/sites\/2\/2026\/04\/Progetto-senza-titolo-832x468.jpg?image-crop-positioner-ts=1777020633 832w, https:\/\/iffr.com\/en\/wp-content\/uploads\/sites\/2\/2026\/04\/Progetto-senza-titolo-288x162.jpg?image-crop-positioner-ts=1777020633 288w, https:\/\/iffr.com\/en\/wp-content\/uploads\/sites\/2\/2026\/04\/Progetto-senza-titolo-432x243.jpg?image-crop-positioner-ts=1777020633 432w, https:\/\/iffr.com\/en\/wp-content\/uploads\/sites\/2\/2026\/04\/Progetto-senza-titolo-1296x729.jpg?image-crop-positioner-ts=1777020633 1296w, https:\/\/iffr.com\/en\/wp-content\/uploads\/sites\/2\/2026\/04\/Progetto-senza-titolo.jpg?image-crop-positioner-ts=1777020633 1920w\" \/>\n\n\t\t\t\t<div class=\"@md:hidden \">\n\t\t\t\t\t\n\n<div data-component=\"arrow\" class=\"absolute bottom-0 right-0 transition-transform ease-out delay-75 -translate-x-6 group-hover:translate-x-0 group-hover:delay-0\">\n\t<div class=\"p-2 rounded-t-lg bg-base-300 group-hover:rounded-tr-none group-hover:delay-75\">\n\t\t<span class=\"relative z-10 w-[1em] h-[1em] icon\" aria-hidden=\"true\">\n\t\t\t<svg width=\"16\" height=\"16\" viewBox=\"0 0 16 16\" fill=\"none\" xmlns=\"http:\/\/www.w3.org\/2000\/svg\"><path d=\"M14.667 2.386v9.122a1.053 1.053 0 0 1-2.105 0V4.93l-9.43 9.428a1.054 1.054 0 1 1-1.49-1.491l9.429-9.429H4.493a1.052 1.052 0 0 1 0-2.105h9.121a1.053 1.053 0 0 1 1.053 1.053Z\" fill=\"currentColor\"\/><\/svg>\n\n\t\t<\/span>\n\n\t\t<div class=\"absolute bottom-0 -left-1\/2\">\n\t\t\t\t<svg class=\"text-base-300 w-[1em] h-[1em]\" aria-hidden=\"true\" viewBox=\"0 0 16 16\" fill=\"none\" xmlns=\"http:\/\/www.w3.org\/2000\/svg\">\n\t\t<path fill-rule=\"evenodd\" clip-rule=\"evenodd\" d=\"M-6.99382e-07 16L0 0L14.8537 6.49274e-07L0.000454783 0.000453934L0.000454791 16L1.14844 16C9.31183 16 15.9369 9.41382 16 1.2653L16 16L-6.99382e-07 16Z\" fill=\"currentColor\"\/>\n\t<\/svg>\n\n\t\t<\/div>\n\n\t\t<div class=\"absolute top-0 right-0 z-0 transition-transform translate-y-2 group-hover:-translate-y-full group-hover:delay-[50ms]\">\n\t\t\t\t<svg class=\"text-base-300 w-[1em] h-[1em]\" aria-hidden=\"true\" viewBox=\"0 0 16 16\" fill=\"none\" xmlns=\"http:\/\/www.w3.org\/2000\/svg\">\n\t\t<path fill-rule=\"evenodd\" clip-rule=\"evenodd\" d=\"M-6.99382e-07 16L0 0L14.8537 6.49274e-07L0.000454783 0.000453934L0.000454791 16L1.14844 16C9.31183 16 15.9369 9.41382 16 1.2653L16 16L-6.99382e-07 16Z\" fill=\"currentColor\"\/>\n\t<\/svg>\n\n\t\t<\/div>\n\t<\/div>\n<\/div>\n\t\t\t\t<\/div>\n\t\t\t<\/div>\n\t\t\n\t\t<div class=\"flex flex-col gap-2 p-6 @xs:px-8 @md:py-8 @md:px-8 @md:basis-2\/3 @lg:basis-1\/2\">\n\t\t\t\t\t\t<h3 class=\"text-lg font-heading @lg:text-xl\">\n\t\t\t\t<a href=\"https:\/\/iffr.com\/en\/displacement-film-fund-t-shirt-wereldwijd-gelanceerd-voor-uniqlos-peace-for-all-project\" class=\"absolute-link hocus:underline\">\n\t\t\t\t\tDisplacement Film Fund T-shirt launches worldwide for UNIQLO&#8217;s PEACE FOR ALL project\n\t\t\t\t<\/a>\n\t\t\t<\/h3>\n\n\t\t\t\n\t\t\t<div>\n\t\t\t\t<span class=\"sr-only\">Published on:<\/span>\n\t\t\t\t<time class=\"block text-sm\" datetime=\"2026-04-24\">April 24, 2026<\/time>\n\t\t\t<\/div>\n\n\t\t\t\t\t\t\t<div>\n\t\t\t\t\t\t\t\t\t\n\t<ul data-component=\"list-badges\" class=\"flex flex-wrap items-center gap-2\" aria-label=\"Place in categorie\">\n\t\t\t\t\t<li>\n\t\t\t\t\t\t\n\t\n\t<div data-component=\"badge\" class=\"text-sm font-bold rounded relative px-2  text-base-900 border border-base-900\" style=\"\">\n\t\t\t\t\tBlog\n\t\t\t<\/div>\n\t\t\t<\/li>\n\t\t\t<\/ul>\n\t\t\t\t<\/div>\n\t\t\t\t\t<\/div>\n\n\t\t<div class=\"hidden @md:block \">\n\t\t\t\n\n<div data-component=\"arrow\" class=\"absolute bottom-0 right-0 transition-transform ease-out delay-75 -translate-x-6 group-hover:translate-x-0 group-hover:delay-0\">\n\t<div class=\"p-2 rounded-t-lg bg-base-50 group-hover:rounded-tr-none group-hover:delay-75\">\n\t\t<span class=\"relative z-10 w-[1em] h-[1em] icon\" aria-hidden=\"true\">\n\t\t\t<svg width=\"16\" height=\"16\" viewBox=\"0 0 16 16\" fill=\"none\" xmlns=\"http:\/\/www.w3.org\/2000\/svg\"><path d=\"M14.667 2.386v9.122a1.053 1.053 0 0 1-2.105 0V4.93l-9.43 9.428a1.054 1.054 0 1 1-1.49-1.491l9.429-9.429H4.493a1.052 1.052 0 0 1 0-2.105h9.121a1.053 1.053 0 0 1 1.053 1.053Z\" fill=\"currentColor\"\/><\/svg>\n\n\t\t<\/span>\n\n\t\t<div class=\"absolute bottom-0 -left-1\/2\">\n\t\t\t\t<svg class=\"text-base-50 w-[1em] h-[1em]\" aria-hidden=\"true\" viewBox=\"0 0 16 16\" fill=\"none\" xmlns=\"http:\/\/www.w3.org\/2000\/svg\">\n\t\t<path fill-rule=\"evenodd\" clip-rule=\"evenodd\" d=\"M-6.99382e-07 16L0 0L14.8537 6.49274e-07L0.000454783 0.000453934L0.000454791 16L1.14844 16C9.31183 16 15.9369 9.41382 16 1.2653L16 16L-6.99382e-07 16Z\" fill=\"currentColor\"\/>\n\t<\/svg>\n\n\t\t<\/div>\n\n\t\t<div class=\"absolute top-0 right-0 z-0 transition-transform translate-y-2 group-hover:-translate-y-full group-hover:delay-[50ms]\">\n\t\t\t\t<svg class=\"text-base-50 w-[1em] h-[1em]\" aria-hidden=\"true\" viewBox=\"0 0 16 16\" fill=\"none\" xmlns=\"http:\/\/www.w3.org\/2000\/svg\">\n\t\t<path fill-rule=\"evenodd\" clip-rule=\"evenodd\" d=\"M-6.99382e-07 16L0 0L14.8537 6.49274e-07L0.000454783 0.000453934L0.000454791 16L1.14844 16C9.31183 16 15.9369 9.41382 16 1.2653L16 16L-6.99382e-07 16Z\" fill=\"currentColor\"\/>\n\t<\/svg>\n\n\t\t<\/div>\n\t<\/div>\n<\/div>\n\t\t<\/div>\n\t<\/div>\n<\/div>\n\t\t\t\t\t<\/li>\n\t\t\t\t\n\t\t\t\t\t\t\t\t\t\t\n\t\t\t\t\t<li>\n\t\t\t\t\t\t<div data-component=\"teaser-post\" class=\"@container h-full group\">\n\t<div class=\"relative flex flex-col h-full rounded-lg bg-base-300 @md:flex-row\">\n\t\t\t\t\t<div class=\"relative overflow-hidden image:w-full image:object-cover image:aspect-video image:rounded-t-lg @md:image:rounded-b-lg @md:basis-1\/3 @md:pl-8 @md:py-8 @lg:basis-1\/2\">\n\t\t\t\t<img loading=\"lazy\" decoding=\"async\" width=\"832\" height=\"468\" src=\"https:\/\/iffr.com\/en\/wp-content\/uploads\/sites\/2\/2026\/03\/Screenshot-2026-04-01-3.52.39-PM-832x468.png?image-crop-positioner-ts=1775051577\" class=\"attachment-video_md size-video_md\" alt=\"\" sizes=\"auto, (max-width: 693px) 100vw, (max-width: 1400px) 33vw, 408px\" srcset=\"https:\/\/iffr.com\/en\/wp-content\/uploads\/sites\/2\/2026\/03\/Screenshot-2026-04-01-3.52.39-PM-832x468.png?image-crop-positioner-ts=1775051577 832w, https:\/\/iffr.com\/en\/wp-content\/uploads\/sites\/2\/2026\/03\/Screenshot-2026-04-01-3.52.39-PM-288x162.png?image-crop-positioner-ts=1775051577 288w, https:\/\/iffr.com\/en\/wp-content\/uploads\/sites\/2\/2026\/03\/Screenshot-2026-04-01-3.52.39-PM-432x243.png?image-crop-positioner-ts=1775051577 432w, https:\/\/iffr.com\/en\/wp-content\/uploads\/sites\/2\/2026\/03\/Screenshot-2026-04-01-3.52.39-PM-1296x729.png?image-crop-positioner-ts=1775051577 1296w, https:\/\/iffr.com\/en\/wp-content\/uploads\/sites\/2\/2026\/03\/Screenshot-2026-04-01-3.52.39-PM.png?image-crop-positioner-ts=1775051577 1362w\" \/>\n\n\t\t\t\t<div class=\"@md:hidden \">\n\t\t\t\t\t\n\n<div data-component=\"arrow\" class=\"absolute bottom-0 right-0 transition-transform ease-out delay-75 -translate-x-6 group-hover:translate-x-0 group-hover:delay-0\">\n\t<div class=\"p-2 rounded-t-lg bg-base-300 group-hover:rounded-tr-none group-hover:delay-75\">\n\t\t<span class=\"relative z-10 w-[1em] h-[1em] icon\" aria-hidden=\"true\">\n\t\t\t<svg width=\"16\" height=\"16\" viewBox=\"0 0 16 16\" fill=\"none\" xmlns=\"http:\/\/www.w3.org\/2000\/svg\"><path d=\"M14.667 2.386v9.122a1.053 1.053 0 0 1-2.105 0V4.93l-9.43 9.428a1.054 1.054 0 1 1-1.49-1.491l9.429-9.429H4.493a1.052 1.052 0 0 1 0-2.105h9.121a1.053 1.053 0 0 1 1.053 1.053Z\" fill=\"currentColor\"\/><\/svg>\n\n\t\t<\/span>\n\n\t\t<div class=\"absolute bottom-0 -left-1\/2\">\n\t\t\t\t<svg class=\"text-base-300 w-[1em] h-[1em]\" aria-hidden=\"true\" viewBox=\"0 0 16 16\" fill=\"none\" xmlns=\"http:\/\/www.w3.org\/2000\/svg\">\n\t\t<path fill-rule=\"evenodd\" clip-rule=\"evenodd\" d=\"M-6.99382e-07 16L0 0L14.8537 6.49274e-07L0.000454783 0.000453934L0.000454791 16L1.14844 16C9.31183 16 15.9369 9.41382 16 1.2653L16 16L-6.99382e-07 16Z\" fill=\"currentColor\"\/>\n\t<\/svg>\n\n\t\t<\/div>\n\n\t\t<div class=\"absolute top-0 right-0 z-0 transition-transform translate-y-2 group-hover:-translate-y-full group-hover:delay-[50ms]\">\n\t\t\t\t<svg class=\"text-base-300 w-[1em] h-[1em]\" aria-hidden=\"true\" viewBox=\"0 0 16 16\" fill=\"none\" xmlns=\"http:\/\/www.w3.org\/2000\/svg\">\n\t\t<path fill-rule=\"evenodd\" clip-rule=\"evenodd\" d=\"M-6.99382e-07 16L0 0L14.8537 6.49274e-07L0.000454783 0.000453934L0.000454791 16L1.14844 16C9.31183 16 15.9369 9.41382 16 1.2653L16 16L-6.99382e-07 16Z\" fill=\"currentColor\"\/>\n\t<\/svg>\n\n\t\t<\/div>\n\t<\/div>\n<\/div>\n\t\t\t\t<\/div>\n\t\t\t<\/div>\n\t\t\n\t\t<div class=\"flex flex-col gap-2 p-6 @xs:px-8 @md:py-8 @md:px-8 @md:basis-2\/3 @lg:basis-1\/2\">\n\t\t\t\t\t\t<h3 class=\"text-lg font-heading @lg:text-xl\">\n\t\t\t\t<a href=\"https:\/\/iffr.com\/en\/blog-lightroom-report-2026\" class=\"absolute-link hocus:underline\">\n\t\t\t\t\tLightroom Report 2026\n\t\t\t\t<\/a>\n\t\t\t<\/h3>\n\n\t\t\t\n\t\t\t<div>\n\t\t\t\t<span class=\"sr-only\">Published on:<\/span>\n\t\t\t\t<time class=\"block text-sm\" datetime=\"2026-04-01\">April 1, 2026<\/time>\n\t\t\t<\/div>\n\n\t\t\t\t\t\t\t<div>\n\t\t\t\t\t\t\t\t\t\n\t<ul data-component=\"list-badges\" class=\"flex flex-wrap items-center gap-2\" aria-label=\"Place in categorie\">\n\t\t\t\t\t<li>\n\t\t\t\t\t\t\n\t\n\t<div data-component=\"badge\" class=\"text-sm font-bold rounded relative px-2  text-base-900 border border-base-900\" style=\"\">\n\t\t\t\t\tIFFR Pro\n\t\t\t<\/div>\n\t\t\t<\/li>\n\t\t\t\t\t<li>\n\t\t\t\t\t\t\n\t\n\t<div data-component=\"badge\" class=\"text-sm font-bold rounded relative px-2  text-base-900 border border-base-900\" style=\"\">\n\t\t\t\t\tImmersive\n\t\t\t<\/div>\n\t\t\t<\/li>\n\t\t\t\t\t<li>\n\t\t\t\t\t\t\n\t\n\t<div data-component=\"badge\" class=\"text-sm font-bold rounded relative px-2  text-base-900 border border-base-900\" style=\"\">\n\t\t\t\t\tNews\n\t\t\t<\/div>\n\t\t\t<\/li>\n\t\t\t\t\t<li>\n\t\t\t\t\t\t\n\t\n\t<div data-component=\"badge\" class=\"text-sm font-bold rounded relative px-2  text-base-900 border border-base-900\" style=\"\">\n\t\t\t\t\tStories\n\t\t\t<\/div>\n\t\t\t<\/li>\n\t\t\t<\/ul>\n\t\t\t\t<\/div>\n\t\t\t\t\t<\/div>\n\n\t\t<div class=\"hidden @md:block \">\n\t\t\t\n\n<div data-component=\"arrow\" class=\"absolute bottom-0 right-0 transition-transform ease-out delay-75 -translate-x-6 group-hover:translate-x-0 group-hover:delay-0\">\n\t<div class=\"p-2 rounded-t-lg bg-base-50 group-hover:rounded-tr-none group-hover:delay-75\">\n\t\t<span class=\"relative z-10 w-[1em] h-[1em] icon\" aria-hidden=\"true\">\n\t\t\t<svg width=\"16\" height=\"16\" viewBox=\"0 0 16 16\" fill=\"none\" xmlns=\"http:\/\/www.w3.org\/2000\/svg\"><path d=\"M14.667 2.386v9.122a1.053 1.053 0 0 1-2.105 0V4.93l-9.43 9.428a1.054 1.054 0 1 1-1.49-1.491l9.429-9.429H4.493a1.052 1.052 0 0 1 0-2.105h9.121a1.053 1.053 0 0 1 1.053 1.053Z\" fill=\"currentColor\"\/><\/svg>\n\n\t\t<\/span>\n\n\t\t<div class=\"absolute bottom-0 -left-1\/2\">\n\t\t\t\t<svg class=\"text-base-50 w-[1em] h-[1em]\" aria-hidden=\"true\" viewBox=\"0 0 16 16\" fill=\"none\" xmlns=\"http:\/\/www.w3.org\/2000\/svg\">\n\t\t<path fill-rule=\"evenodd\" clip-rule=\"evenodd\" d=\"M-6.99382e-07 16L0 0L14.8537 6.49274e-07L0.000454783 0.000453934L0.000454791 16L1.14844 16C9.31183 16 15.9369 9.41382 16 1.2653L16 16L-6.99382e-07 16Z\" fill=\"currentColor\"\/>\n\t<\/svg>\n\n\t\t<\/div>\n\n\t\t<div class=\"absolute top-0 right-0 z-0 transition-transform translate-y-2 group-hover:-translate-y-full group-hover:delay-[50ms]\">\n\t\t\t\t<svg class=\"text-base-50 w-[1em] h-[1em]\" aria-hidden=\"true\" viewBox=\"0 0 16 16\" fill=\"none\" xmlns=\"http:\/\/www.w3.org\/2000\/svg\">\n\t\t<path fill-rule=\"evenodd\" clip-rule=\"evenodd\" d=\"M-6.99382e-07 16L0 0L14.8537 6.49274e-07L0.000454783 0.000453934L0.000454791 16L1.14844 16C9.31183 16 15.9369 9.41382 16 1.2653L16 16L-6.99382e-07 16Z\" fill=\"currentColor\"\/>\n\t<\/svg>\n\n\t\t<\/div>\n\t<\/div>\n<\/div>\n\t\t<\/div>\n\t<\/div>\n<\/div>\n\t\t\t\t\t<\/li>\n\t\t\t\t\n\t\t\t\t\t\t\t\t\t\t\n\t\t\t\t\t<li>\n\t\t\t\t\t\t<div data-component=\"teaser-post\" class=\"@container h-full group\">\n\t<div class=\"relative flex flex-col h-full rounded-lg bg-base-300 @md:flex-row\">\n\t\t\t\t\t<div class=\"relative overflow-hidden image:w-full image:object-cover image:aspect-video image:rounded-t-lg @md:image:rounded-b-lg @md:basis-1\/3 @md:pl-8 @md:py-8 @lg:basis-1\/2\">\n\t\t\t\t<img loading=\"lazy\" decoding=\"async\" width=\"832\" height=\"468\" src=\"https:\/\/iffr.com\/en\/wp-content\/uploads\/sites\/2\/2026\/03\/HBFEurope-2026-stills-832x468.png?image-crop-positioner-ts=1773747171\" class=\"attachment-video_md size-video_md\" alt=\"\" sizes=\"auto, (max-width: 693px) 100vw, (max-width: 1400px) 33vw, 408px\" srcset=\"https:\/\/iffr.com\/en\/wp-content\/uploads\/sites\/2\/2026\/03\/HBFEurope-2026-stills-832x468.png?image-crop-positioner-ts=1773747171 832w, https:\/\/iffr.com\/en\/wp-content\/uploads\/sites\/2\/2026\/03\/HBFEurope-2026-stills-288x162.png?image-crop-positioner-ts=1773747171 288w, https:\/\/iffr.com\/en\/wp-content\/uploads\/sites\/2\/2026\/03\/HBFEurope-2026-stills-432x243.png?image-crop-positioner-ts=1773747171 432w, https:\/\/iffr.com\/en\/wp-content\/uploads\/sites\/2\/2026\/03\/HBFEurope-2026-stills-1296x729.png?image-crop-positioner-ts=1773747171 1296w, https:\/\/iffr.com\/en\/wp-content\/uploads\/sites\/2\/2026\/03\/HBFEurope-2026-stills.png?image-crop-positioner-ts=1773747171 1640w\" \/>\n\n\t\t\t\t<div class=\"@md:hidden \">\n\t\t\t\t\t\n\n<div data-component=\"arrow\" class=\"absolute bottom-0 right-0 transition-transform ease-out delay-75 -translate-x-6 group-hover:translate-x-0 group-hover:delay-0\">\n\t<div class=\"p-2 rounded-t-lg bg-base-300 group-hover:rounded-tr-none group-hover:delay-75\">\n\t\t<span class=\"relative z-10 w-[1em] h-[1em] icon\" aria-hidden=\"true\">\n\t\t\t<svg width=\"16\" height=\"16\" viewBox=\"0 0 16 16\" fill=\"none\" xmlns=\"http:\/\/www.w3.org\/2000\/svg\"><path d=\"M14.667 2.386v9.122a1.053 1.053 0 0 1-2.105 0V4.93l-9.43 9.428a1.054 1.054 0 1 1-1.49-1.491l9.429-9.429H4.493a1.052 1.052 0 0 1 0-2.105h9.121a1.053 1.053 0 0 1 1.053 1.053Z\" fill=\"currentColor\"\/><\/svg>\n\n\t\t<\/span>\n\n\t\t<div class=\"absolute bottom-0 -left-1\/2\">\n\t\t\t\t<svg class=\"text-base-300 w-[1em] h-[1em]\" aria-hidden=\"true\" viewBox=\"0 0 16 16\" fill=\"none\" xmlns=\"http:\/\/www.w3.org\/2000\/svg\">\n\t\t<path fill-rule=\"evenodd\" clip-rule=\"evenodd\" d=\"M-6.99382e-07 16L0 0L14.8537 6.49274e-07L0.000454783 0.000453934L0.000454791 16L1.14844 16C9.31183 16 15.9369 9.41382 16 1.2653L16 16L-6.99382e-07 16Z\" fill=\"currentColor\"\/>\n\t<\/svg>\n\n\t\t<\/div>\n\n\t\t<div class=\"absolute top-0 right-0 z-0 transition-transform translate-y-2 group-hover:-translate-y-full group-hover:delay-[50ms]\">\n\t\t\t\t<svg class=\"text-base-300 w-[1em] h-[1em]\" aria-hidden=\"true\" viewBox=\"0 0 16 16\" fill=\"none\" xmlns=\"http:\/\/www.w3.org\/2000\/svg\">\n\t\t<path fill-rule=\"evenodd\" clip-rule=\"evenodd\" d=\"M-6.99382e-07 16L0 0L14.8537 6.49274e-07L0.000454783 0.000453934L0.000454791 16L1.14844 16C9.31183 16 15.9369 9.41382 16 1.2653L16 16L-6.99382e-07 16Z\" fill=\"currentColor\"\/>\n\t<\/svg>\n\n\t\t<\/div>\n\t<\/div>\n<\/div>\n\t\t\t\t<\/div>\n\t\t\t<\/div>\n\t\t\n\t\t<div class=\"flex flex-col gap-2 p-6 @xs:px-8 @md:py-8 @md:px-8 @md:basis-2\/3 @lg:basis-1\/2\">\n\t\t\t\t\t\t<h3 class=\"text-lg font-heading @lg:text-xl\">\n\t\t\t\t<a href=\"https:\/\/iffr.com\/en\/blog-hbfeurope-support-2026\" class=\"absolute-link hocus:underline\">\n\t\t\t\t\tHBF+Europe support for eight co-productions announced\n\t\t\t\t<\/a>\n\t\t\t<\/h3>\n\n\t\t\t\n\t\t\t<div>\n\t\t\t\t<span class=\"sr-only\">Published on:<\/span>\n\t\t\t\t<time class=\"block text-sm\" datetime=\"2026-03-17\">March 17, 2026<\/time>\n\t\t\t<\/div>\n\n\t\t\t\t\t\t\t<div>\n\t\t\t\t\t\t\t\t\t\n\t<ul data-component=\"list-badges\" class=\"flex flex-wrap items-center gap-2\" aria-label=\"Place in categorie\">\n\t\t\t\t\t<li>\n\t\t\t\t\t\t\n\t\n\t<div data-component=\"badge\" class=\"text-sm font-bold rounded relative px-2  text-base-900 border border-base-900\" style=\"\">\n\t\t\t\t\tHubert Bals Fund\n\t\t\t<\/div>\n\t\t\t<\/li>\n\t\t\t\t\t<li>\n\t\t\t\t\t\t\n\t\n\t<div data-component=\"badge\" class=\"text-sm font-bold rounded relative px-2  text-base-900 border border-base-900\" style=\"\">\n\t\t\t\t\tNews\n\t\t\t<\/div>\n\t\t\t<\/li>\n\t\t\t\t\t<li>\n\t\t\t\t\t\t\n\t\n\t<div data-component=\"badge\" class=\"text-sm font-bold rounded relative px-2  text-base-900 border border-base-900\" style=\"\">\n\t\t\t\t\tPress release\n\t\t\t<\/div>\n\t\t\t<\/li>\n\t\t\t<\/ul>\n\t\t\t\t<\/div>\n\t\t\t\t\t<\/div>\n\n\t\t<div class=\"hidden @md:block \">\n\t\t\t\n\n<div data-component=\"arrow\" class=\"absolute bottom-0 right-0 transition-transform ease-out delay-75 -translate-x-6 group-hover:translate-x-0 group-hover:delay-0\">\n\t<div class=\"p-2 rounded-t-lg bg-base-50 group-hover:rounded-tr-none group-hover:delay-75\">\n\t\t<span class=\"relative z-10 w-[1em] h-[1em] icon\" aria-hidden=\"true\">\n\t\t\t<svg width=\"16\" height=\"16\" viewBox=\"0 0 16 16\" fill=\"none\" xmlns=\"http:\/\/www.w3.org\/2000\/svg\"><path d=\"M14.667 2.386v9.122a1.053 1.053 0 0 1-2.105 0V4.93l-9.43 9.428a1.054 1.054 0 1 1-1.49-1.491l9.429-9.429H4.493a1.052 1.052 0 0 1 0-2.105h9.121a1.053 1.053 0 0 1 1.053 1.053Z\" fill=\"currentColor\"\/><\/svg>\n\n\t\t<\/span>\n\n\t\t<div class=\"absolute bottom-0 -left-1\/2\">\n\t\t\t\t<svg class=\"text-base-50 w-[1em] h-[1em]\" aria-hidden=\"true\" viewBox=\"0 0 16 16\" fill=\"none\" xmlns=\"http:\/\/www.w3.org\/2000\/svg\">\n\t\t<path fill-rule=\"evenodd\" clip-rule=\"evenodd\" d=\"M-6.99382e-07 16L0 0L14.8537 6.49274e-07L0.000454783 0.000453934L0.000454791 16L1.14844 16C9.31183 16 15.9369 9.41382 16 1.2653L16 16L-6.99382e-07 16Z\" fill=\"currentColor\"\/>\n\t<\/svg>\n\n\t\t<\/div>\n\n\t\t<div class=\"absolute top-0 right-0 z-0 transition-transform translate-y-2 group-hover:-translate-y-full group-hover:delay-[50ms]\">\n\t\t\t\t<svg class=\"text-base-50 w-[1em] h-[1em]\" aria-hidden=\"true\" viewBox=\"0 0 16 16\" fill=\"none\" xmlns=\"http:\/\/www.w3.org\/2000\/svg\">\n\t\t<path fill-rule=\"evenodd\" clip-rule=\"evenodd\" d=\"M-6.99382e-07 16L0 0L14.8537 6.49274e-07L0.000454783 0.000453934L0.000454791 16L1.14844 16C9.31183 16 15.9369 9.41382 16 1.2653L16 16L-6.99382e-07 16Z\" fill=\"currentColor\"\/>\n\t<\/svg>\n\n\t\t<\/div>\n\t<\/div>\n<\/div>\n\t\t<\/div>\n\t<\/div>\n<\/div>\n\t\t\t\t\t<\/li>\n\t\t\t\t\t\t\t<\/ul>\n\n\t\t\t\t\t<\/div>\n\t<\/div>\n","protected":false},"excerpt":{"rendered":"<p>A spread of films and talent presented at CineMart and backed by the Hubert Bals Fund are once again a fixture of the Cannes lineup in 2025.<\/p>\n","protected":false},"author":4,"featured_media":210260,"comment_status":"closed","ping_status":"closed","sticky":false,"template":"","format":"standard","meta":{"_acf_changed":false,"editor_notices":[],"footnotes":""},"categories":[942,931,10,878],"tags":[],"class_list":["post-210259","post","type-post","status-publish","format-standard","has-post-thumbnail","hentry","category-cinemart","category-hbf","category-iffr-pro","category-news"],"acf":[],"yoast_head":"<!-- This site is optimized with the Yoast SEO plugin v27.3 - https:\/\/yoast.com\/product\/yoast-seo-wordpress\/ -->\n<title>Cannes selections for IFFR-backed films and talent - IFFR EN<\/title>\n<meta name=\"description\" content=\"A spread of films and talent presented at CineMart and backed by the Hubert Bals Fund are once again a fixture of the Cannes lineup in 2025.\" \/>\n<meta name=\"robots\" content=\"index, follow, max-snippet:-1, max-image-preview:large, max-video-preview:-1\" \/>\n<link rel=\"canonical\" href=\"https:\/\/iffr.com\/en\/blog-cannes-selections-for-iffr-backed-films-and-talent\" \/>\n<meta property=\"og:locale\" content=\"en_GB\" \/>\n<meta property=\"og:type\" content=\"article\" \/>\n<meta property=\"og:title\" content=\"Cannes selections for IFFR-backed films and talent - IFFR EN\" \/>\n<meta property=\"og:description\" content=\"A spread of films and talent presented at CineMart and backed by the Hubert Bals Fund are once again a fixture of the Cannes lineup in 2025.\" \/>\n<meta property=\"og:url\" content=\"https:\/\/iffr.com\/en\/blog-cannes-selections-for-iffr-backed-films-and-talent\" \/>\n<meta property=\"og:site_name\" content=\"IFFR EN\" \/>\n<meta property=\"article:published_time\" content=\"2025-04-29T09:56:07+00:00\" \/>\n<meta property=\"article:modified_time\" content=\"2025-05-16T14:17:51+00:00\" \/>\n<meta property=\"og:image\" content=\"https:\/\/iffr.com\/en\/wp-content\/uploads\/sites\/2\/2025\/04\/IFFR-Cannes-2025.png?image-crop-positioner-ts=1745919390\" \/>\n\t<meta property=\"og:image:width\" content=\"1024\" \/>\n\t<meta property=\"og:image:height\" content=\"576\" \/>\n\t<meta property=\"og:image:type\" content=\"image\/png\" \/>\n<meta name=\"author\" content=\"fraser\" \/>\n<meta name=\"twitter:card\" content=\"summary_large_image\" \/>\n<meta name=\"twitter:label1\" content=\"Written by\" \/>\n\t<meta name=\"twitter:data1\" content=\"fraser\" \/>\n\t<meta name=\"twitter:label2\" content=\"Est. reading time\" \/>\n\t<meta name=\"twitter:data2\" content=\"9 minutes\" \/>\n<script type=\"application\/ld+json\" class=\"yoast-schema-graph\">{\"@context\":\"https:\\\/\\\/schema.org\",\"@graph\":[{\"@type\":\"Article\",\"@id\":\"https:\\\/\\\/iffr.com\\\/en\\\/blog-cannes-selections-for-iffr-backed-films-and-talent#article\",\"isPartOf\":{\"@id\":\"https:\\\/\\\/iffr.com\\\/en\\\/blog-cannes-selections-for-iffr-backed-films-and-talent\"},\"author\":{\"name\":\"fraser\",\"@id\":\"https:\\\/\\\/iffr.com\\\/en\\\/#\\\/schema\\\/person\\\/e8471eadd449dfe1c2c995099bc4eafb\"},\"headline\":\"Cannes selections for IFFR-backed films and talent\",\"datePublished\":\"2025-04-29T09:56:07+00:00\",\"dateModified\":\"2025-05-16T14:17:51+00:00\",\"mainEntityOfPage\":{\"@id\":\"https:\\\/\\\/iffr.com\\\/en\\\/blog-cannes-selections-for-iffr-backed-films-and-talent\"},\"wordCount\":1567,\"image\":{\"@id\":\"https:\\\/\\\/iffr.com\\\/en\\\/blog-cannes-selections-for-iffr-backed-films-and-talent#primaryimage\"},\"thumbnailUrl\":\"https:\\\/\\\/iffr.com\\\/en\\\/wp-content\\\/uploads\\\/sites\\\/2\\\/2025\\\/04\\\/IFFR-Cannes-2025.png?image-crop-positioner-ts=1745919390\",\"articleSection\":[\"CineMart\",\"Hubert Bals Fund\",\"IFFR Pro\",\"News\"],\"inLanguage\":\"en-GB\"},{\"@type\":\"WebPage\",\"@id\":\"https:\\\/\\\/iffr.com\\\/en\\\/blog-cannes-selections-for-iffr-backed-films-and-talent\",\"url\":\"https:\\\/\\\/iffr.com\\\/en\\\/blog-cannes-selections-for-iffr-backed-films-and-talent\",\"name\":\"Cannes selections for IFFR-backed films and talent - IFFR EN\",\"isPartOf\":{\"@id\":\"https:\\\/\\\/iffr.com\\\/en\\\/#website\"},\"primaryImageOfPage\":{\"@id\":\"https:\\\/\\\/iffr.com\\\/en\\\/blog-cannes-selections-for-iffr-backed-films-and-talent#primaryimage\"},\"image\":{\"@id\":\"https:\\\/\\\/iffr.com\\\/en\\\/blog-cannes-selections-for-iffr-backed-films-and-talent#primaryimage\"},\"thumbnailUrl\":\"https:\\\/\\\/iffr.com\\\/en\\\/wp-content\\\/uploads\\\/sites\\\/2\\\/2025\\\/04\\\/IFFR-Cannes-2025.png?image-crop-positioner-ts=1745919390\",\"datePublished\":\"2025-04-29T09:56:07+00:00\",\"dateModified\":\"2025-05-16T14:17:51+00:00\",\"author\":{\"@id\":\"https:\\\/\\\/iffr.com\\\/en\\\/#\\\/schema\\\/person\\\/e8471eadd449dfe1c2c995099bc4eafb\"},\"description\":\"A spread of films and talent presented at CineMart and backed by the Hubert Bals Fund are once again a fixture of the Cannes lineup in 2025.\",\"breadcrumb\":{\"@id\":\"https:\\\/\\\/iffr.com\\\/en\\\/blog-cannes-selections-for-iffr-backed-films-and-talent#breadcrumb\"},\"inLanguage\":\"en-GB\",\"potentialAction\":[{\"@type\":\"ReadAction\",\"target\":[\"https:\\\/\\\/iffr.com\\\/en\\\/blog-cannes-selections-for-iffr-backed-films-and-talent\"]}]},{\"@type\":\"ImageObject\",\"inLanguage\":\"en-GB\",\"@id\":\"https:\\\/\\\/iffr.com\\\/en\\\/blog-cannes-selections-for-iffr-backed-films-and-talent#primaryimage\",\"url\":\"https:\\\/\\\/iffr.com\\\/en\\\/wp-content\\\/uploads\\\/sites\\\/2\\\/2025\\\/04\\\/IFFR-Cannes-2025.png?image-crop-positioner-ts=1745919390\",\"contentUrl\":\"https:\\\/\\\/iffr.com\\\/en\\\/wp-content\\\/uploads\\\/sites\\\/2\\\/2025\\\/04\\\/IFFR-Cannes-2025.png?image-crop-positioner-ts=1745919390\",\"width\":1920,\"height\":1080,\"caption\":\"Collage of IFFR at Cannes film stills\"},{\"@type\":\"BreadcrumbList\",\"@id\":\"https:\\\/\\\/iffr.com\\\/en\\\/blog-cannes-selections-for-iffr-backed-films-and-talent#breadcrumb\",\"itemListElement\":[{\"@type\":\"ListItem\",\"position\":1,\"name\":\"Home\",\"item\":\"https:\\\/\\\/iffr.com\\\/en\\\/\"},{\"@type\":\"ListItem\",\"position\":2,\"name\":\"Cannes selections for IFFR-backed films and talent\"}]},{\"@type\":\"WebSite\",\"@id\":\"https:\\\/\\\/iffr.com\\\/en\\\/#website\",\"url\":\"https:\\\/\\\/iffr.com\\\/en\\\/\",\"name\":\"IFFR EN\",\"description\":\"\",\"potentialAction\":[{\"@type\":\"SearchAction\",\"target\":{\"@type\":\"EntryPoint\",\"urlTemplate\":\"https:\\\/\\\/iffr.com\\\/en\\\/?s={search_term_string}\"},\"query-input\":{\"@type\":\"PropertyValueSpecification\",\"valueRequired\":true,\"valueName\":\"search_term_string\"}}],\"inLanguage\":\"en-GB\"},{\"@type\":\"Person\",\"@id\":\"https:\\\/\\\/iffr.com\\\/en\\\/#\\\/schema\\\/person\\\/e8471eadd449dfe1c2c995099bc4eafb\",\"name\":\"fraser\",\"image\":{\"@type\":\"ImageObject\",\"inLanguage\":\"en-GB\",\"@id\":\"https:\\\/\\\/secure.gravatar.com\\\/avatar\\\/b0cae921b2a458c8db4c1cc7a729aedb93a25f6e81a37cb20085b866b95974ab?s=96&d=mm&r=g\",\"url\":\"https:\\\/\\\/secure.gravatar.com\\\/avatar\\\/b0cae921b2a458c8db4c1cc7a729aedb93a25f6e81a37cb20085b866b95974ab?s=96&d=mm&r=g\",\"contentUrl\":\"https:\\\/\\\/secure.gravatar.com\\\/avatar\\\/b0cae921b2a458c8db4c1cc7a729aedb93a25f6e81a37cb20085b866b95974ab?s=96&d=mm&r=g\",\"caption\":\"fraser\"},\"url\":\"https:\\\/\\\/iffr.com\\\/en\\\/author\\\/fraser\"}]}<\/script>\n<!-- \/ Yoast SEO plugin. -->","yoast_head_json":{"title":"Cannes selections for IFFR-backed films and talent - IFFR EN","description":"A spread of films and talent presented at CineMart and backed by the Hubert Bals Fund are once again a fixture of the Cannes lineup in 2025.","robots":{"index":"index","follow":"follow","max-snippet":"max-snippet:-1","max-image-preview":"max-image-preview:large","max-video-preview":"max-video-preview:-1"},"canonical":"https:\/\/iffr.com\/en\/blog-cannes-selections-for-iffr-backed-films-and-talent","og_locale":"en_GB","og_type":"article","og_title":"Cannes selections for IFFR-backed films and talent - IFFR EN","og_description":"A spread of films and talent presented at CineMart and backed by the Hubert Bals Fund are once again a fixture of the Cannes lineup in 2025.","og_url":"https:\/\/iffr.com\/en\/blog-cannes-selections-for-iffr-backed-films-and-talent","og_site_name":"IFFR EN","article_published_time":"2025-04-29T09:56:07+00:00","article_modified_time":"2025-05-16T14:17:51+00:00","og_image":[{"url":"https:\/\/iffr.com\/en\/wp-content\/uploads\/sites\/2\/2025\/04\/IFFR-Cannes-2025.png?image-crop-positioner-ts=1745919390","width":1024,"height":576,"type":"image\/png"}],"author":"fraser","twitter_card":"summary_large_image","twitter_misc":{"Written by":"fraser","Est. reading time":"9 minutes"},"schema":{"@context":"https:\/\/schema.org","@graph":[{"@type":"Article","@id":"https:\/\/iffr.com\/en\/blog-cannes-selections-for-iffr-backed-films-and-talent#article","isPartOf":{"@id":"https:\/\/iffr.com\/en\/blog-cannes-selections-for-iffr-backed-films-and-talent"},"author":{"name":"fraser","@id":"https:\/\/iffr.com\/en\/#\/schema\/person\/e8471eadd449dfe1c2c995099bc4eafb"},"headline":"Cannes selections for IFFR-backed films and talent","datePublished":"2025-04-29T09:56:07+00:00","dateModified":"2025-05-16T14:17:51+00:00","mainEntityOfPage":{"@id":"https:\/\/iffr.com\/en\/blog-cannes-selections-for-iffr-backed-films-and-talent"},"wordCount":1567,"image":{"@id":"https:\/\/iffr.com\/en\/blog-cannes-selections-for-iffr-backed-films-and-talent#primaryimage"},"thumbnailUrl":"https:\/\/iffr.com\/en\/wp-content\/uploads\/sites\/2\/2025\/04\/IFFR-Cannes-2025.png?image-crop-positioner-ts=1745919390","articleSection":["CineMart","Hubert Bals Fund","IFFR Pro","News"],"inLanguage":"en-GB"},{"@type":"WebPage","@id":"https:\/\/iffr.com\/en\/blog-cannes-selections-for-iffr-backed-films-and-talent","url":"https:\/\/iffr.com\/en\/blog-cannes-selections-for-iffr-backed-films-and-talent","name":"Cannes selections for IFFR-backed films and talent - IFFR EN","isPartOf":{"@id":"https:\/\/iffr.com\/en\/#website"},"primaryImageOfPage":{"@id":"https:\/\/iffr.com\/en\/blog-cannes-selections-for-iffr-backed-films-and-talent#primaryimage"},"image":{"@id":"https:\/\/iffr.com\/en\/blog-cannes-selections-for-iffr-backed-films-and-talent#primaryimage"},"thumbnailUrl":"https:\/\/iffr.com\/en\/wp-content\/uploads\/sites\/2\/2025\/04\/IFFR-Cannes-2025.png?image-crop-positioner-ts=1745919390","datePublished":"2025-04-29T09:56:07+00:00","dateModified":"2025-05-16T14:17:51+00:00","author":{"@id":"https:\/\/iffr.com\/en\/#\/schema\/person\/e8471eadd449dfe1c2c995099bc4eafb"},"description":"A spread of films and talent presented at CineMart and backed by the Hubert Bals Fund are once again a fixture of the Cannes lineup in 2025.","breadcrumb":{"@id":"https:\/\/iffr.com\/en\/blog-cannes-selections-for-iffr-backed-films-and-talent#breadcrumb"},"inLanguage":"en-GB","potentialAction":[{"@type":"ReadAction","target":["https:\/\/iffr.com\/en\/blog-cannes-selections-for-iffr-backed-films-and-talent"]}]},{"@type":"ImageObject","inLanguage":"en-GB","@id":"https:\/\/iffr.com\/en\/blog-cannes-selections-for-iffr-backed-films-and-talent#primaryimage","url":"https:\/\/iffr.com\/en\/wp-content\/uploads\/sites\/2\/2025\/04\/IFFR-Cannes-2025.png?image-crop-positioner-ts=1745919390","contentUrl":"https:\/\/iffr.com\/en\/wp-content\/uploads\/sites\/2\/2025\/04\/IFFR-Cannes-2025.png?image-crop-positioner-ts=1745919390","width":1920,"height":1080,"caption":"Collage of IFFR at Cannes film stills"},{"@type":"BreadcrumbList","@id":"https:\/\/iffr.com\/en\/blog-cannes-selections-for-iffr-backed-films-and-talent#breadcrumb","itemListElement":[{"@type":"ListItem","position":1,"name":"Home","item":"https:\/\/iffr.com\/en\/"},{"@type":"ListItem","position":2,"name":"Cannes selections for IFFR-backed films and talent"}]},{"@type":"WebSite","@id":"https:\/\/iffr.com\/en\/#website","url":"https:\/\/iffr.com\/en\/","name":"IFFR EN","description":"","potentialAction":[{"@type":"SearchAction","target":{"@type":"EntryPoint","urlTemplate":"https:\/\/iffr.com\/en\/?s={search_term_string}"},"query-input":{"@type":"PropertyValueSpecification","valueRequired":true,"valueName":"search_term_string"}}],"inLanguage":"en-GB"},{"@type":"Person","@id":"https:\/\/iffr.com\/en\/#\/schema\/person\/e8471eadd449dfe1c2c995099bc4eafb","name":"fraser","image":{"@type":"ImageObject","inLanguage":"en-GB","@id":"https:\/\/secure.gravatar.com\/avatar\/b0cae921b2a458c8db4c1cc7a729aedb93a25f6e81a37cb20085b866b95974ab?s=96&d=mm&r=g","url":"https:\/\/secure.gravatar.com\/avatar\/b0cae921b2a458c8db4c1cc7a729aedb93a25f6e81a37cb20085b866b95974ab?s=96&d=mm&r=g","contentUrl":"https:\/\/secure.gravatar.com\/avatar\/b0cae921b2a458c8db4c1cc7a729aedb93a25f6e81a37cb20085b866b95974ab?s=96&d=mm&r=g","caption":"fraser"},"url":"https:\/\/iffr.com\/en\/author\/fraser"}]}},"_links":{"self":[{"href":"https:\/\/iffr.com\/en\/wp-json\/wp\/v2\/posts\/210259","targetHints":{"allow":["GET"]}}],"collection":[{"href":"https:\/\/iffr.com\/en\/wp-json\/wp\/v2\/posts"}],"about":[{"href":"https:\/\/iffr.com\/en\/wp-json\/wp\/v2\/types\/post"}],"author":[{"embeddable":true,"href":"https:\/\/iffr.com\/en\/wp-json\/wp\/v2\/users\/4"}],"replies":[{"embeddable":true,"href":"https:\/\/iffr.com\/en\/wp-json\/wp\/v2\/comments?post=210259"}],"version-history":[{"count":9,"href":"https:\/\/iffr.com\/en\/wp-json\/wp\/v2\/posts\/210259\/revisions"}],"predecessor-version":[{"id":210423,"href":"https:\/\/iffr.com\/en\/wp-json\/wp\/v2\/posts\/210259\/revisions\/210423"}],"wp:featuredmedia":[{"embeddable":true,"href":"https:\/\/iffr.com\/en\/wp-json\/wp\/v2\/media\/210260"}],"wp:attachment":[{"href":"https:\/\/iffr.com\/en\/wp-json\/wp\/v2\/media?parent=210259"}],"wp:term":[{"taxonomy":"category","embeddable":true,"href":"https:\/\/iffr.com\/en\/wp-json\/wp\/v2\/categories?post=210259"},{"taxonomy":"post_tag","embeddable":true,"href":"https:\/\/iffr.com\/en\/wp-json\/wp\/v2\/tags?post=210259"}],"curies":[{"name":"wp","href":"https:\/\/api.w.org\/{rel}","templated":true}]}}